{"id":10920,"date":"2017-05-24T10:55:08","date_gmt":"2017-05-24T09:55:08","guid":{"rendered":"http:\/\/chateauhochberg.com\/jazz-evening-at-villa-rene-lalique\/"},"modified":"2017-05-24T10:55:08","modified_gmt":"2017-05-24T09:55:08","slug":"jazz-evening-at-villa-rene-lalique","status":"publish","type":"post","link":"https:\/\/chateauhochberg.com\/en\/jazz-evening-at-villa-rene-lalique\/","title":{"rendered":"Jazz evening at Villa Ren\u00e9 Lalique"},"content":{"rendered":"<strong>Monday, August 14th 2017, 6pm<\/strong>\n<br\/><br\/>\nOur partner, Villa Ren\u00e9 Lalique, is very happy to welcome trio AIR\u00e8S, guest of the Festival Au Gr\u00e8s du Jazz 15th edition <em>(taking place in La Petite Pierre from August 5th to August 15th 2017)<\/em> for a very special event.\n<br\/><br\/>\nAIR\u00e8s &#8211; Airelle Besson, trumpeter, Edouard Ferlet, pianist, and St\u00e9phane Kerecki, doublebassist &#8211; plays a very sensitive and intimist music. \n<br\/><br\/>\nThis special evening will begin with a wine tasting in the wine cellar: Romain Iltis, Head Sommelier, will choose three different wines for the musicians to taste. According to what they feel while tasting the wine, they will jam together.\n<br\/>The tasting will be followed by a small concert and a gastronomic dinner prepared by Chef Jean-Georges Klein. \n<br\/><br\/>\n<p class=\"p1\" style=\"text-align: center;\"><strong>Price for the evening : 295\u20ac<\/strong><\/p>\n<br\/>\n<p style=\"text-align: center;\"><a  target='_blank' class='btn btn-white-black' href='\/wp-content\/uploads\/2017\/05\/Villa-Ren\u00e9-Lalique_Soir\u00e9e-Jazz_Lundi-14-ao\u00fbt-2017.pdf'>LEARN MORE ABOUT THIS EVENT<\/a>\n<br><br\/>\n<br><br\/>\n<p class=\"p1\" style=\"text-align: center;\"><strong>[SPEND THE NIGHT AT CH\u00c2TEAU HOCHBERG]<\/strong><br\/>\n<strong>Ch\u00e2teau Hochberg H\u00f4tel &#038; Restaurant is usually closed on Mondays and Tuesdays but will exceptionally be open Monday August 14th 2017 to welcome you after this special event.<br\/>Book a night at Ch\u00e2teau Hochberg to fully enjoy your evening.<\/strong><\/p>\n<br\/>\n<strong><p class=\"p1\" style=\"text-align: center;\"><U>Information and reservation for the Jazz Event<\/U>:<br\/> reservation@villarenelalique.com or +33.3.88.71.98.98<\/p>\n<br\/>\n<p class=\"p1\" style=\"text-align: center;\"><U>Information and reservation for a room at Ch\u00e2teau Hochberg<\/U>:<br\/> reservation@chateauhochberg.com or +33.3.88.00.67.67<\/p><\/strong>","protected":false},"excerpt":{"rendered":"<p>Monday, August 14th 2017, 6pm Our partner, Villa Ren\u00e9 Lalique, is very happy to welcome trio AIR\u00e8S, guest of the Festival Au Gr\u00e8s du Jazz 15th edition (taking place in La Petite Pierre from August 5th to August 15th 2017) for a very special event. AIR\u00e8s &#8211; Airelle Besson, trumpeter, Edouard Ferlet, pianist, and St\u00e9phane [&hellip;]<\/p>\n","protected":false},"author":6,"featured_media":9575,"comment_status":"closed","ping_status":"closed","sticky":false,"template":"","format":"standard","meta":{"_acf_changed":false,"footnotes":""},"categories":[139],"tags":[],"class_list":["post-10920","post","type-post","status-publish","format-standard","has-post-thumbnail","hentry","category-news"],"acf":[],"yoast_head":"<!-- This site is optimized with the Yoast SEO plugin v25.1 - https:\/\/yoast.com\/wordpress\/plugins\/seo\/ -->\n<title>Jazz evening at Villa Ren\u00e9 Lalique - Ch\u00e2teau Hochberg<\/title>\n<meta name=\"robots\" content=\"index, follow, max-snippet:-1, max-image-preview:large, max-video-preview:-1\" \/>\n<link rel=\"canonical\" href=\"https:\/\/chateauhochberg.com\/en\/jazz-evening-at-villa-rene-lalique\/\" \/>\n<meta property=\"og:locale\" content=\"en_US\" \/>\n<meta property=\"og:type\" content=\"article\" \/>\n<meta property=\"og:title\" content=\"Jazz evening at Villa Ren\u00e9 Lalique - Ch\u00e2teau Hochberg\" \/>\n<meta property=\"og:description\" content=\"Monday, August 14th 2017, 6pm Our partner, Villa Ren\u00e9 Lalique, is very happy to welcome trio AIR\u00e8S, guest of the Festival Au Gr\u00e8s du Jazz 15th edition (taking place in La Petite Pierre from August 5th to August 15th 2017) for a very special event. AIR\u00e8s &#8211; Airelle Besson, trumpeter, Edouard Ferlet, pianist, and St\u00e9phane [&hellip;]\" \/>\n<meta property=\"og:url\" content=\"https:\/\/chateauhochberg.com\/en\/jazz-evening-at-villa-rene-lalique\/\" \/>\n<meta property=\"og:site_name\" content=\"Ch\u00e2teau Hochberg\" \/>\n<meta property=\"article:published_time\" content=\"2017-05-24T09:55:08+00:00\" \/>\n<meta property=\"og:image\" content=\"https:\/\/chateauhochberg.com\/wp-content\/uploads\/2020\/09\/TRIO-AIRES.png\" \/>\n\t<meta property=\"og:image:width\" content=\"943\" \/>\n\t<meta property=\"og:image:height\" content=\"615\" \/>\n\t<meta property=\"og:image:type\" content=\"image\/png\" \/>\n<meta name=\"author\" content=\"Anne-Sophie Greff\" \/>\n<meta name=\"twitter:card\" content=\"summary_large_image\" \/>\n<meta name=\"twitter:label1\" content=\"Written by\" \/>\n\t<meta name=\"twitter:data1\" content=\"Anne-Sophie Greff\" \/>\n\t<meta name=\"twitter:label2\" content=\"Est. reading time\" \/>\n\t<meta name=\"twitter:data2\" content=\"1 minute\" \/>\n<script type=\"application\/ld+json\" class=\"yoast-schema-graph\">{\"@context\":\"https:\/\/schema.org\",\"@graph\":[{\"@type\":\"WebPage\",\"@id\":\"https:\/\/chateauhochberg.com\/en\/jazz-evening-at-villa-rene-lalique\/\",\"url\":\"https:\/\/chateauhochberg.com\/en\/jazz-evening-at-villa-rene-lalique\/\",\"name\":\"Jazz evening at Villa Ren\u00e9 Lalique - Ch\u00e2teau Hochberg\",\"isPartOf\":{\"@id\":\"https:\/\/chateauhochberg.com\/en\/#website\"},\"primaryImageOfPage\":{\"@id\":\"https:\/\/chateauhochberg.com\/en\/jazz-evening-at-villa-rene-lalique\/#primaryimage\"},\"image\":{\"@id\":\"https:\/\/chateauhochberg.com\/en\/jazz-evening-at-villa-rene-lalique\/#primaryimage\"},\"thumbnailUrl\":\"https:\/\/chateauhochberg.com\/wp-content\/uploads\/2020\/09\/TRIO-AIRES.png\",\"datePublished\":\"2017-05-24T09:55:08+00:00\",\"author\":{\"@id\":\"https:\/\/chateauhochberg.com\/en\/#\/schema\/person\/a9b4d6bdf0c90c0ce6a7b288a06b3d5e\"},\"breadcrumb\":{\"@id\":\"https:\/\/chateauhochberg.com\/en\/jazz-evening-at-villa-rene-lalique\/#breadcrumb\"},\"inLanguage\":\"en-US\",\"potentialAction\":[{\"@type\":\"ReadAction\",\"target\":[\"https:\/\/chateauhochberg.com\/en\/jazz-evening-at-villa-rene-lalique\/\"]}]},{\"@type\":\"ImageObject\",\"inLanguage\":\"en-US\",\"@id\":\"https:\/\/chateauhochberg.com\/en\/jazz-evening-at-villa-rene-lalique\/#primaryimage\",\"url\":\"https:\/\/chateauhochberg.com\/wp-content\/uploads\/2020\/09\/TRIO-AIRES.png\",\"contentUrl\":\"https:\/\/chateauhochberg.com\/wp-content\/uploads\/2020\/09\/TRIO-AIRES.png\",\"width\":943,\"height\":615},{\"@type\":\"BreadcrumbList\",\"@id\":\"https:\/\/chateauhochberg.com\/en\/jazz-evening-at-villa-rene-lalique\/#breadcrumb\",\"itemListElement\":[{\"@type\":\"ListItem\",\"position\":1,\"name\":\"Accueil\",\"item\":\"https:\/\/chateauhochberg.com\/en\/\"},{\"@type\":\"ListItem\",\"position\":2,\"name\":\"Jazz evening at Villa Ren\u00e9 Lalique\"}]},{\"@type\":\"WebSite\",\"@id\":\"https:\/\/chateauhochberg.com\/en\/#website\",\"url\":\"https:\/\/chateauhochberg.com\/en\/\",\"name\":\"Ch\u00e2teau Hochberg - By Lalique\",\"description\":\"H\u00f4tel &amp; Restaurant\",\"alternateName\":\"CHOCH\",\"potentialAction\":[{\"@type\":\"SearchAction\",\"target\":{\"@type\":\"EntryPoint\",\"urlTemplate\":\"https:\/\/chateauhochberg.com\/en\/?s={search_term_string}\"},\"query-input\":{\"@type\":\"PropertyValueSpecification\",\"valueRequired\":true,\"valueName\":\"search_term_string\"}}],\"inLanguage\":\"en-US\"},{\"@type\":\"Person\",\"@id\":\"https:\/\/chateauhochberg.com\/en\/#\/schema\/person\/a9b4d6bdf0c90c0ce6a7b288a06b3d5e\",\"name\":\"Anne-Sophie Greff\"}]}<\/script>\n<!-- \/ Yoast SEO plugin. -->","yoast_head_json":{"title":"Jazz evening at Villa Ren\u00e9 Lalique - Ch\u00e2teau Hochberg","robots":{"index":"index","follow":"follow","max-snippet":"max-snippet:-1","max-image-preview":"max-image-preview:large","max-video-preview":"max-video-preview:-1"},"canonical":"https:\/\/chateauhochberg.com\/en\/jazz-evening-at-villa-rene-lalique\/","og_locale":"en_US","og_type":"article","og_title":"Jazz evening at Villa Ren\u00e9 Lalique - Ch\u00e2teau Hochberg","og_description":"Monday, August 14th 2017, 6pm Our partner, Villa Ren\u00e9 Lalique, is very happy to welcome trio AIR\u00e8S, guest of the Festival Au Gr\u00e8s du Jazz 15th edition (taking place in La Petite Pierre from August 5th to August 15th 2017) for a very special event. AIR\u00e8s &#8211; Airelle Besson, trumpeter, Edouard Ferlet, pianist, and St\u00e9phane [&hellip;]","og_url":"https:\/\/chateauhochberg.com\/en\/jazz-evening-at-villa-rene-lalique\/","og_site_name":"Ch\u00e2teau Hochberg","article_published_time":"2017-05-24T09:55:08+00:00","og_image":[{"width":943,"height":615,"url":"https:\/\/chateauhochberg.com\/wp-content\/uploads\/2020\/09\/TRIO-AIRES.png","type":"image\/png"}],"author":"Anne-Sophie Greff","twitter_card":"summary_large_image","twitter_misc":{"Written by":"Anne-Sophie Greff","Est. reading time":"1 minute"},"schema":{"@context":"https:\/\/schema.org","@graph":[{"@type":"WebPage","@id":"https:\/\/chateauhochberg.com\/en\/jazz-evening-at-villa-rene-lalique\/","url":"https:\/\/chateauhochberg.com\/en\/jazz-evening-at-villa-rene-lalique\/","name":"Jazz evening at Villa Ren\u00e9 Lalique - Ch\u00e2teau Hochberg","isPartOf":{"@id":"https:\/\/chateauhochberg.com\/en\/#website"},"primaryImageOfPage":{"@id":"https:\/\/chateauhochberg.com\/en\/jazz-evening-at-villa-rene-lalique\/#primaryimage"},"image":{"@id":"https:\/\/chateauhochberg.com\/en\/jazz-evening-at-villa-rene-lalique\/#primaryimage"},"thumbnailUrl":"https:\/\/chateauhochberg.com\/wp-content\/uploads\/2020\/09\/TRIO-AIRES.png","datePublished":"2017-05-24T09:55:08+00:00","author":{"@id":"https:\/\/chateauhochberg.com\/en\/#\/schema\/person\/a9b4d6bdf0c90c0ce6a7b288a06b3d5e"},"breadcrumb":{"@id":"https:\/\/chateauhochberg.com\/en\/jazz-evening-at-villa-rene-lalique\/#breadcrumb"},"inLanguage":"en-US","potentialAction":[{"@type":"ReadAction","target":["https:\/\/chateauhochberg.com\/en\/jazz-evening-at-villa-rene-lalique\/"]}]},{"@type":"ImageObject","inLanguage":"en-US","@id":"https:\/\/chateauhochberg.com\/en\/jazz-evening-at-villa-rene-lalique\/#primaryimage","url":"https:\/\/chateauhochberg.com\/wp-content\/uploads\/2020\/09\/TRIO-AIRES.png","contentUrl":"https:\/\/chateauhochberg.com\/wp-content\/uploads\/2020\/09\/TRIO-AIRES.png","width":943,"height":615},{"@type":"BreadcrumbList","@id":"https:\/\/chateauhochberg.com\/en\/jazz-evening-at-villa-rene-lalique\/#breadcrumb","itemListElement":[{"@type":"ListItem","position":1,"name":"Accueil","item":"https:\/\/chateauhochberg.com\/en\/"},{"@type":"ListItem","position":2,"name":"Jazz evening at Villa Ren\u00e9 Lalique"}]},{"@type":"WebSite","@id":"https:\/\/chateauhochberg.com\/en\/#website","url":"https:\/\/chateauhochberg.com\/en\/","name":"Ch\u00e2teau Hochberg - By Lalique","description":"H\u00f4tel &amp; Restaurant","alternateName":"CHOCH","potentialAction":[{"@type":"SearchAction","target":{"@type":"EntryPoint","urlTemplate":"https:\/\/chateauhochberg.com\/en\/?s={search_term_string}"},"query-input":{"@type":"PropertyValueSpecification","valueRequired":true,"valueName":"search_term_string"}}],"inLanguage":"en-US"},{"@type":"Person","@id":"https:\/\/chateauhochberg.com\/en\/#\/schema\/person\/a9b4d6bdf0c90c0ce6a7b288a06b3d5e","name":"Anne-Sophie Greff"}]}},"_links":{"self":[{"href":"https:\/\/chateauhochberg.com\/en\/wp-json\/wp\/v2\/posts\/10920","targetHints":{"allow":["GET"]}}],"collection":[{"href":"https:\/\/chateauhochberg.com\/en\/wp-json\/wp\/v2\/posts"}],"about":[{"href":"https:\/\/chateauhochberg.com\/en\/wp-json\/wp\/v2\/types\/post"}],"author":[{"embeddable":true,"href":"https:\/\/chateauhochberg.com\/en\/wp-json\/wp\/v2\/users\/6"}],"replies":[{"embeddable":true,"href":"https:\/\/chateauhochberg.com\/en\/wp-json\/wp\/v2\/comments?post=10920"}],"version-history":[{"count":0,"href":"https:\/\/chateauhochberg.com\/en\/wp-json\/wp\/v2\/posts\/10920\/revisions"}],"wp:featuredmedia":[{"embeddable":true,"href":"https:\/\/chateauhochberg.com\/en\/wp-json\/wp\/v2\/media\/9575"}],"wp:attachment":[{"href":"https:\/\/chateauhochberg.com\/en\/wp-json\/wp\/v2\/media?parent=10920"}],"wp:term":[{"taxonomy":"category","embeddable":true,"href":"https:\/\/chateauhochberg.com\/en\/wp-json\/wp\/v2\/categories?post=10920"},{"taxonomy":"post_tag","embeddable":true,"href":"https:\/\/chateauhochberg.com\/en\/wp-json\/wp\/v2\/tags?post=10920"}],"curies":[{"name":"wp","href":"https:\/\/api.w.org\/{rel}","templated":true}]}}