{"id":10926,"date":"2017-07-07T15:48:10","date_gmt":"2017-07-07T14:48:10","guid":{"rendered":"http:\/\/chateauhochberg.com\/jazz-lunch-15-august-2017\/"},"modified":"2017-07-07T15:48:10","modified_gmt":"2017-07-07T14:48:10","slug":"jazz-lunch-15-august-2017","status":"publish","type":"post","link":"https:\/\/chateauhochberg.com\/en\/jazz-lunch-15-august-2017\/","title":{"rendered":"JAZZ LUNCH &#8211; 15 AUGUST 2017"},"content":{"rendered":"<strong>Tuesday, August 15th 2017, 12h00 <\/strong>\n<br\/><br\/>\nCh\u00e2teau Hochberg is very happy to welcome singer Marion Rampal and pianist Pierre-Fran\u00e7ois Blanchard of the Festival Au Gr\u00e8s du Jazz 15th edition <em>(taking place in La Petite Pierre from August 5th to August 15th 2017)<\/em> for a very special event.\n<br\/><br\/>\nEnjoy the ap\u00e9ritif while listening to a jam session led by Marion Rampal and Pierre-Fran\u00e7ois Blanchard. \n<br\/><br\/>\nThen, enjoy a refined menu in the elegant and modern atmosphere of Pavillon Hochberg.\n<br\/><br\/>\n<strong>Price of the event : 55\u20ac \/ person <\/strong>\n<br\/>\nPayment at booking stage.\n<br\/><br\/>\n<p style=\"text-align: center;\"><a  target='_blank' class='btn btn-white-black' href='\/wp-content\/uploads\/2017\/07\/Ch\u00e2teau-Hochberg_Marion-Rampal_15-aout-2017-programme.pdf'>LEARN MORE<\/a>\n<br\/><br\/>\n<strong>Call us to make a reservation for this very exclusive moment!  <\/strong>\n<br\/><br\/>\n<strong><u>Information and reservation<\/u>:<br\/>\nreservation@chateauhochberg.com or +33.3.88.00.67.67<\/strong>","protected":false},"excerpt":{"rendered":"<p>Tuesday, August 15th 2017, 12h00 Ch\u00e2teau Hochberg is very happy to welcome singer Marion Rampal and pianist Pierre-Fran\u00e7ois Blanchard of the Festival Au Gr\u00e8s du Jazz 15th edition (taking place in La Petite Pierre from August 5th to August 15th 2017) for a very special event. Enjoy the ap\u00e9ritif while listening to a jam session [&hellip;]<\/p>\n","protected":false},"author":6,"featured_media":9584,"comment_status":"closed","ping_status":"closed","sticky":false,"template":"","format":"standard","meta":{"_acf_changed":false,"footnotes":""},"categories":[139],"tags":[],"class_list":["post-10926","post","type-post","status-publish","format-standard","has-post-thumbnail","hentry","category-news"],"acf":[],"yoast_head":"<!-- This site is optimized with the Yoast SEO plugin v25.1 - https:\/\/yoast.com\/wordpress\/plugins\/seo\/ -->\n<title>JAZZ LUNCH - 15 AUGUST 2017 - Ch\u00e2teau Hochberg<\/title>\n<meta name=\"robots\" content=\"index, follow, max-snippet:-1, max-image-preview:large, max-video-preview:-1\" \/>\n<link rel=\"canonical\" href=\"https:\/\/chateauhochberg.com\/en\/jazz-lunch-15-august-2017\/\" \/>\n<meta property=\"og:locale\" content=\"en_US\" \/>\n<meta property=\"og:type\" content=\"article\" \/>\n<meta property=\"og:title\" content=\"JAZZ LUNCH - 15 AUGUST 2017 - Ch\u00e2teau Hochberg\" \/>\n<meta property=\"og:description\" content=\"Tuesday, August 15th 2017, 12h00 Ch\u00e2teau Hochberg is very happy to welcome singer Marion Rampal and pianist Pierre-Fran\u00e7ois Blanchard of the Festival Au Gr\u00e8s du Jazz 15th edition (taking place in La Petite Pierre from August 5th to August 15th 2017) for a very special event. Enjoy the ap\u00e9ritif while listening to a jam session [&hellip;]\" \/>\n<meta property=\"og:url\" content=\"https:\/\/chateauhochberg.com\/en\/jazz-lunch-15-august-2017\/\" \/>\n<meta property=\"og:site_name\" content=\"Ch\u00e2teau Hochberg\" \/>\n<meta property=\"article:published_time\" content=\"2017-07-07T14:48:10+00:00\" \/>\n<meta property=\"og:image\" content=\"https:\/\/chateauhochberg.com\/wp-content\/uploads\/2020\/09\/Marion-Rampal-et-Jean-Francois-Blanchard-au-Chateau-Hochberg_15-aout-2017_FACEBOOK.png\" \/>\n\t<meta property=\"og:image:width\" content=\"1054\" \/>\n\t<meta property=\"og:image:height\" content=\"530\" \/>\n\t<meta property=\"og:image:type\" content=\"image\/png\" \/>\n<meta name=\"author\" content=\"Anne-Sophie Greff\" \/>\n<meta name=\"twitter:card\" content=\"summary_large_image\" \/>\n<meta name=\"twitter:label1\" content=\"Written by\" \/>\n\t<meta name=\"twitter:data1\" content=\"Anne-Sophie Greff\" \/>\n\t<meta name=\"twitter:label2\" content=\"Est. reading time\" \/>\n\t<meta name=\"twitter:data2\" content=\"1 minute\" \/>\n<script type=\"application\/ld+json\" class=\"yoast-schema-graph\">{\"@context\":\"https:\/\/schema.org\",\"@graph\":[{\"@type\":\"WebPage\",\"@id\":\"https:\/\/chateauhochberg.com\/en\/jazz-lunch-15-august-2017\/\",\"url\":\"https:\/\/chateauhochberg.com\/en\/jazz-lunch-15-august-2017\/\",\"name\":\"JAZZ LUNCH - 15 AUGUST 2017 - Ch\u00e2teau Hochberg\",\"isPartOf\":{\"@id\":\"https:\/\/chateauhochberg.com\/en\/#website\"},\"primaryImageOfPage\":{\"@id\":\"https:\/\/chateauhochberg.com\/en\/jazz-lunch-15-august-2017\/#primaryimage\"},\"image\":{\"@id\":\"https:\/\/chateauhochberg.com\/en\/jazz-lunch-15-august-2017\/#primaryimage\"},\"thumbnailUrl\":\"https:\/\/chateauhochberg.com\/wp-content\/uploads\/2020\/09\/Marion-Rampal-et-Jean-Francois-Blanchard-au-Chateau-Hochberg_15-aout-2017_FACEBOOK.png\",\"datePublished\":\"2017-07-07T14:48:10+00:00\",\"author\":{\"@id\":\"https:\/\/chateauhochberg.com\/en\/#\/schema\/person\/a9b4d6bdf0c90c0ce6a7b288a06b3d5e\"},\"breadcrumb\":{\"@id\":\"https:\/\/chateauhochberg.com\/en\/jazz-lunch-15-august-2017\/#breadcrumb\"},\"inLanguage\":\"en-US\",\"potentialAction\":[{\"@type\":\"ReadAction\",\"target\":[\"https:\/\/chateauhochberg.com\/en\/jazz-lunch-15-august-2017\/\"]}]},{\"@type\":\"ImageObject\",\"inLanguage\":\"en-US\",\"@id\":\"https:\/\/chateauhochberg.com\/en\/jazz-lunch-15-august-2017\/#primaryimage\",\"url\":\"https:\/\/chateauhochberg.com\/wp-content\/uploads\/2020\/09\/Marion-Rampal-et-Jean-Francois-Blanchard-au-Chateau-Hochberg_15-aout-2017_FACEBOOK.png\",\"contentUrl\":\"https:\/\/chateauhochberg.com\/wp-content\/uploads\/2020\/09\/Marion-Rampal-et-Jean-Francois-Blanchard-au-Chateau-Hochberg_15-aout-2017_FACEBOOK.png\",\"width\":1054,\"height\":530},{\"@type\":\"BreadcrumbList\",\"@id\":\"https:\/\/chateauhochberg.com\/en\/jazz-lunch-15-august-2017\/#breadcrumb\",\"itemListElement\":[{\"@type\":\"ListItem\",\"position\":1,\"name\":\"Accueil\",\"item\":\"https:\/\/chateauhochberg.com\/en\/\"},{\"@type\":\"ListItem\",\"position\":2,\"name\":\"JAZZ LUNCH &#8211; 15 AUGUST 2017\"}]},{\"@type\":\"WebSite\",\"@id\":\"https:\/\/chateauhochberg.com\/en\/#website\",\"url\":\"https:\/\/chateauhochberg.com\/en\/\",\"name\":\"Ch\u00e2teau Hochberg - By Lalique\",\"description\":\"H\u00f4tel &amp; Restaurant\",\"alternateName\":\"CHOCH\",\"potentialAction\":[{\"@type\":\"SearchAction\",\"target\":{\"@type\":\"EntryPoint\",\"urlTemplate\":\"https:\/\/chateauhochberg.com\/en\/?s={search_term_string}\"},\"query-input\":{\"@type\":\"PropertyValueSpecification\",\"valueRequired\":true,\"valueName\":\"search_term_string\"}}],\"inLanguage\":\"en-US\"},{\"@type\":\"Person\",\"@id\":\"https:\/\/chateauhochberg.com\/en\/#\/schema\/person\/a9b4d6bdf0c90c0ce6a7b288a06b3d5e\",\"name\":\"Anne-Sophie Greff\"}]}<\/script>\n<!-- \/ Yoast SEO plugin. -->","yoast_head_json":{"title":"JAZZ LUNCH - 15 AUGUST 2017 - Ch\u00e2teau Hochberg","robots":{"index":"index","follow":"follow","max-snippet":"max-snippet:-1","max-image-preview":"max-image-preview:large","max-video-preview":"max-video-preview:-1"},"canonical":"https:\/\/chateauhochberg.com\/en\/jazz-lunch-15-august-2017\/","og_locale":"en_US","og_type":"article","og_title":"JAZZ LUNCH - 15 AUGUST 2017 - Ch\u00e2teau Hochberg","og_description":"Tuesday, August 15th 2017, 12h00 Ch\u00e2teau Hochberg is very happy to welcome singer Marion Rampal and pianist Pierre-Fran\u00e7ois Blanchard of the Festival Au Gr\u00e8s du Jazz 15th edition (taking place in La Petite Pierre from August 5th to August 15th 2017) for a very special event. Enjoy the ap\u00e9ritif while listening to a jam session [&hellip;]","og_url":"https:\/\/chateauhochberg.com\/en\/jazz-lunch-15-august-2017\/","og_site_name":"Ch\u00e2teau Hochberg","article_published_time":"2017-07-07T14:48:10+00:00","og_image":[{"width":1054,"height":530,"url":"https:\/\/chateauhochberg.com\/wp-content\/uploads\/2020\/09\/Marion-Rampal-et-Jean-Francois-Blanchard-au-Chateau-Hochberg_15-aout-2017_FACEBOOK.png","type":"image\/png"}],"author":"Anne-Sophie Greff","twitter_card":"summary_large_image","twitter_misc":{"Written by":"Anne-Sophie Greff","Est. reading time":"1 minute"},"schema":{"@context":"https:\/\/schema.org","@graph":[{"@type":"WebPage","@id":"https:\/\/chateauhochberg.com\/en\/jazz-lunch-15-august-2017\/","url":"https:\/\/chateauhochberg.com\/en\/jazz-lunch-15-august-2017\/","name":"JAZZ LUNCH - 15 AUGUST 2017 - Ch\u00e2teau Hochberg","isPartOf":{"@id":"https:\/\/chateauhochberg.com\/en\/#website"},"primaryImageOfPage":{"@id":"https:\/\/chateauhochberg.com\/en\/jazz-lunch-15-august-2017\/#primaryimage"},"image":{"@id":"https:\/\/chateauhochberg.com\/en\/jazz-lunch-15-august-2017\/#primaryimage"},"thumbnailUrl":"https:\/\/chateauhochberg.com\/wp-content\/uploads\/2020\/09\/Marion-Rampal-et-Jean-Francois-Blanchard-au-Chateau-Hochberg_15-aout-2017_FACEBOOK.png","datePublished":"2017-07-07T14:48:10+00:00","author":{"@id":"https:\/\/chateauhochberg.com\/en\/#\/schema\/person\/a9b4d6bdf0c90c0ce6a7b288a06b3d5e"},"breadcrumb":{"@id":"https:\/\/chateauhochberg.com\/en\/jazz-lunch-15-august-2017\/#breadcrumb"},"inLanguage":"en-US","potentialAction":[{"@type":"ReadAction","target":["https:\/\/chateauhochberg.com\/en\/jazz-lunch-15-august-2017\/"]}]},{"@type":"ImageObject","inLanguage":"en-US","@id":"https:\/\/chateauhochberg.com\/en\/jazz-lunch-15-august-2017\/#primaryimage","url":"https:\/\/chateauhochberg.com\/wp-content\/uploads\/2020\/09\/Marion-Rampal-et-Jean-Francois-Blanchard-au-Chateau-Hochberg_15-aout-2017_FACEBOOK.png","contentUrl":"https:\/\/chateauhochberg.com\/wp-content\/uploads\/2020\/09\/Marion-Rampal-et-Jean-Francois-Blanchard-au-Chateau-Hochberg_15-aout-2017_FACEBOOK.png","width":1054,"height":530},{"@type":"BreadcrumbList","@id":"https:\/\/chateauhochberg.com\/en\/jazz-lunch-15-august-2017\/#breadcrumb","itemListElement":[{"@type":"ListItem","position":1,"name":"Accueil","item":"https:\/\/chateauhochberg.com\/en\/"},{"@type":"ListItem","position":2,"name":"JAZZ LUNCH &#8211; 15 AUGUST 2017"}]},{"@type":"WebSite","@id":"https:\/\/chateauhochberg.com\/en\/#website","url":"https:\/\/chateauhochberg.com\/en\/","name":"Ch\u00e2teau Hochberg - By Lalique","description":"H\u00f4tel &amp; Restaurant","alternateName":"CHOCH","potentialAction":[{"@type":"SearchAction","target":{"@type":"EntryPoint","urlTemplate":"https:\/\/chateauhochberg.com\/en\/?s={search_term_string}"},"query-input":{"@type":"PropertyValueSpecification","valueRequired":true,"valueName":"search_term_string"}}],"inLanguage":"en-US"},{"@type":"Person","@id":"https:\/\/chateauhochberg.com\/en\/#\/schema\/person\/a9b4d6bdf0c90c0ce6a7b288a06b3d5e","name":"Anne-Sophie Greff"}]}},"_links":{"self":[{"href":"https:\/\/chateauhochberg.com\/en\/wp-json\/wp\/v2\/posts\/10926","targetHints":{"allow":["GET"]}}],"collection":[{"href":"https:\/\/chateauhochberg.com\/en\/wp-json\/wp\/v2\/posts"}],"about":[{"href":"https:\/\/chateauhochberg.com\/en\/wp-json\/wp\/v2\/types\/post"}],"author":[{"embeddable":true,"href":"https:\/\/chateauhochberg.com\/en\/wp-json\/wp\/v2\/users\/6"}],"replies":[{"embeddable":true,"href":"https:\/\/chateauhochberg.com\/en\/wp-json\/wp\/v2\/comments?post=10926"}],"version-history":[{"count":0,"href":"https:\/\/chateauhochberg.com\/en\/wp-json\/wp\/v2\/posts\/10926\/revisions"}],"wp:featuredmedia":[{"embeddable":true,"href":"https:\/\/chateauhochberg.com\/en\/wp-json\/wp\/v2\/media\/9584"}],"wp:attachment":[{"href":"https:\/\/chateauhochberg.com\/en\/wp-json\/wp\/v2\/media?parent=10926"}],"wp:term":[{"taxonomy":"category","embeddable":true,"href":"https:\/\/chateauhochberg.com\/en\/wp-json\/wp\/v2\/categories?post=10926"},{"taxonomy":"post_tag","embeddable":true,"href":"https:\/\/chateauhochberg.com\/en\/wp-json\/wp\/v2\/tags?post=10926"}],"curies":[{"name":"wp","href":"https:\/\/api.w.org\/{rel}","templated":true}]}}